{"id":11517,"date":"2026-03-08T18:02:38","date_gmt":"2026-03-08T17:02:38","guid":{"rendered":"https:\/\/archathle.eu\/?p=11517"},"modified":"2026-03-09T18:10:42","modified_gmt":"2026-03-09T17:10:42","slug":"chloe-spike-dargent-2026","status":"publish","type":"post","link":"https:\/\/archathle.eu\/index.php\/2026\/03\/08\/chloe-spike-dargent-2026\/","title":{"rendered":"Chlo\u00e9 spike d&rsquo;argent 2026 et record de Belgique du 15 km route"},"content":{"rendered":"\n<p><a href=\"https:\/\/www.facebook.com\/chloe.herbiet?__cft__[0]=AZbfNldstut_WnT05vxUGFQPePOHjePA563pmcYBhfyIfJN3-1-SsV1FTSsVAH9hqyigQxqUW8zv7tA3Ka8FhkcjFiqdSXLJQYj5XmP3O5P_NthLs-ajg4rbN5UDu87tnJjIQvjQ4AuzelG1wvWgRvmKt6dalx3EarhE4LfsJHDV_iOiiiLhe1-p-vsiqVmBsfOGTobjeVaKepd453tnwU68onF_Xo8_wbzvh3fCdK5EeQ&amp;__tn__=-]K-R\">Chlo\u00e9 Herbiet<\/a> remporte la silver spike lors de la c\u00e9r\u00e9monie du spike d\u2019or. Sa saison 2025 est justement r\u00e9compens\u00e9e apr\u00e8s son sacre europ\u00e9en sur le semi-marathon et son record de Belgique du marathon \u00e0 Valence.Et sa saison 2026 a bien commenc\u00e9 avec le record de Belgique du 15 km route aux USA. Chlo\u00e9 Herbiet s&rsquo;entra\u00eene depuis la mi-janvier aux Etats-Unis, au sein de la Puma Elite Running Team bas\u00e9e en Caroline du Nord.<\/p>\n\n\n\n<p>Pour sa premi\u00e8re comp\u00e9tition de l&rsquo;ann\u00e9e et apr\u00e8s plusieurs semaines d&rsquo;entra\u00eenement outre-Atlantique,\u00a0<a href=\"https:\/\/www.dhnet.be\/sports\/omnisports\/running\/2025\/12\/07\/chloe-herbiet-explose-le-record-de-belgique-du-marathon-a-valence-HBL4X7KHMVFQBNX57BIBFMBQ24\/\" target=\"_blank\" rel=\"noreferrer noopener\">la recordwoman de Belgique du marathon<\/a>\u00a0s&rsquo;est align\u00e9e ce week-end sur la distance inhabituelle du 15 kilom\u00e8tres route \u00e0 Jacksonville et y a sign\u00e9 un chrono de 47&rsquo;58. C&rsquo;est un nouveau record de Belgique. <\/p>\n\n\n\n<p>Merci de porter tr\u00e8s haut les couleurs de l\u2019ARCH et de la Belgique<\/p>\n\n\n\n<figure class=\"wp-block-image\"><img decoding=\"async\" src=\"https:\/\/static.xx.fbcdn.net\/images\/emoji.php\/v9\/tfe\/1\/16\/1f44f.png\" alt=\"\ud83d\udc4f\"\/><\/figure>\n\n\n\n<figure class=\"wp-block-image\"><img decoding=\"async\" src=\"https:\/\/static.xx.fbcdn.net\/images\/emoji.php\/v9\/tfe\/1\/16\/1f44f.png\" alt=\"\ud83d\udc4f\"\/><\/figure>\n\n\n\n<figure class=\"wp-block-image\"><img decoding=\"async\" src=\"https:\/\/static.xx.fbcdn.net\/images\/emoji.php\/v9\/tfe\/1\/16\/1f44f.png\" alt=\"\ud83d\udc4f\"\/><\/figure>\n","protected":false},"excerpt":{"rendered":"<p>Chlo\u00e9 Herbiet remporte la silver spike lors de la c\u00e9r\u00e9monie du spike d\u2019or. Sa saison 2025 est justement r\u00e9compens\u00e9e apr\u00e8s son sacre europ\u00e9en sur le semi-marathon et son record de Belgique du marathon \u00e0 Valence.Et sa saison 2026 a bien commenc\u00e9 avec le record de Belgique du 15 km route aux USA. Chlo\u00e9 Herbiet s&rsquo;entra\u00eene [&hellip;]<\/p>\n","protected":false},"author":3,"featured_media":0,"comment_status":"closed","ping_status":"closed","sticky":false,"template":"","format":"standard","meta":{"footnotes":""},"categories":[4],"tags":[],"class_list":["post-11517","post","type-post","status-publish","format-standard","hentry","category-athletisme"],"_links":{"self":[{"href":"https:\/\/archathle.eu\/index.php\/wp-json\/wp\/v2\/posts\/11517","targetHints":{"allow":["GET"]}}],"collection":[{"href":"https:\/\/archathle.eu\/index.php\/wp-json\/wp\/v2\/posts"}],"about":[{"href":"https:\/\/archathle.eu\/index.php\/wp-json\/wp\/v2\/types\/post"}],"author":[{"embeddable":true,"href":"https:\/\/archathle.eu\/index.php\/wp-json\/wp\/v2\/users\/3"}],"replies":[{"embeddable":true,"href":"https:\/\/archathle.eu\/index.php\/wp-json\/wp\/v2\/comments?post=11517"}],"version-history":[{"count":2,"href":"https:\/\/archathle.eu\/index.php\/wp-json\/wp\/v2\/posts\/11517\/revisions"}],"predecessor-version":[{"id":11562,"href":"https:\/\/archathle.eu\/index.php\/wp-json\/wp\/v2\/posts\/11517\/revisions\/11562"}],"wp:attachment":[{"href":"https:\/\/archathle.eu\/index.php\/wp-json\/wp\/v2\/media?parent=11517"}],"wp:term":[{"taxonomy":"category","embeddable":true,"href":"https:\/\/archathle.eu\/index.php\/wp-json\/wp\/v2\/categories?post=11517"},{"taxonomy":"post_tag","embeddable":true,"href":"https:\/\/archathle.eu\/index.php\/wp-json\/wp\/v2\/tags?post=11517"}],"curies":[{"name":"wp","href":"https:\/\/api.w.org\/{rel}","templated":true}]}}