{"id":11519,"date":"2026-03-08T18:04:12","date_gmt":"2026-03-08T17:04:12","guid":{"rendered":"https:\/\/archathle.eu\/?p=11519"},"modified":"2026-03-08T18:06:23","modified_gmt":"2026-03-08T17:06:23","slug":"bronze-national-et-record-du-club-pour-anais-delarge","status":"publish","type":"post","link":"https:\/\/archathle.eu\/index.php\/2026\/03\/08\/bronze-national-et-record-du-club-pour-anais-delarge\/","title":{"rendered":"BRONZE NATIONAL ET RECORD DU CLUB POUR ANA\u00cfS DELARGE !"},"content":{"rendered":"\n<p>Superbe performance pour Ana\u00efs Delarge lors des Championnats de Belgique Cadets &amp; Scolaires Indoor \u00e0 Gand <img decoding=\"async\" height=\"16\" width=\"16\" alt=\"\ud83c\udde7\ud83c\uddea\" src=\"https:\/\/static.xx.fbcdn.net\/images\/emoji.php\/v9\/t94\/1\/16\/1f1e7_1f1ea.png\"><\/p>\n\n\n\n<p>Align\u00e9e sur 400 m en cat\u00e9gorie Cadettes, elle r\u00e9alise une course exceptionnelle :<\/p>\n\n\n\n<p><img decoding=\"async\" height=\"16\" width=\"16\" alt=\"\ud83e\udd49\" src=\"https:\/\/static.xx.fbcdn.net\/images\/emoji.php\/v9\/t96\/1\/16\/1f949.png\"> 3e place et m\u00e9daille de bronze<\/p>\n\n\n\n<p><img decoding=\"async\" height=\"16\" width=\"16\" alt=\"\u23f1\" src=\"https:\/\/static.xx.fbcdn.net\/images\/emoji.php\/v9\/tb5\/1\/16\/23f1.png\"> 1\u201900\u201d13 &#8211; Record personnel (PB)<\/p>\n\n\n\n<p>et nouveau record du club cadette Indoor.<\/p>\n\n\n\n<p>Une performance remarquable au niveau national qui r\u00e9compense tout le travail accompli ! <img loading=\"lazy\" decoding=\"async\" height=\"16\" width=\"16\" alt=\"\ud83d\udc4f\" src=\"https:\/\/static.xx.fbcdn.net\/images\/emoji.php\/v9\/tfe\/1\/16\/1f44f.png\"><\/p>\n\n\n\n<p>Les autres r\u00e9sultats des athl\u00e8tes de l\u2019ARCH :<\/p>\n\n\n\n<p>Cadettes<\/p>\n\n\n\n<p>\u2022 Sarah No\u00ebl \u2013 400 m : 10e \u2013 1\u201901\u201d88<\/p>\n\n\n\n<p>\u2022 Alice Delande \u2013 60 m haies : 23e \u2013 9\u201d72 apr\u00e8s un d\u00e9part tonitruant, Alice a \u00e9vit\u00e9 une chute de justesse dans la derni\u00e8re partie de course.<\/p>\n\n\n\n<p>Cadets<\/p>\n\n\n\n<p>\u2022 Noah Gr\u00e9goire \u2013 200 m : 17e \u2013 25\u201d19 (PB)<\/p>\n\n\n\n<p><img loading=\"lazy\" decoding=\"async\" height=\"16\" width=\"16\" alt=\"\u27a1\ufe0f\" src=\"https:\/\/static.xx.fbcdn.net\/images\/emoji.php\/v9\/t9e\/1\/16\/27a1.png\"> Apr\u00e8s un faux d\u00e9part et une disqualification sur 60 m, Noah a su se remobiliser pour aller chercher un nouveau record personnel sur 200 m.<\/p>\n\n\n\n<p>Scolaires femmes<\/p>\n\n\n\n<p>\u2022 Ma\u00eblle Dujeux \u2013 400 m : 12e \u2013 1\u201900\u201d19<\/p>\n\n\n\n<p>\u2022 Julia Bodart \u2013 800 m : 16e \u2013 2\u201925\u201d18<\/p>\n\n\n\n<p>Scolaires hommes<\/p>\n\n\n\n<p>\u2022 Sacha Palm \u2013 800 m : 20e \u2013 2\u201906\u201d60<\/p>\n\n\n\n<p>\u2022 Selim Chafik \u2013 800 m : 21e \u2013 2\u201917\u201d41<\/p>\n\n\n\n<p>\u2e3b<\/p>\n\n\n\n<p><img loading=\"lazy\" decoding=\"async\" height=\"16\" width=\"16\" alt=\"\ud83d\udc4f\" src=\"https:\/\/static.xx.fbcdn.net\/images\/emoji.php\/v9\/tfe\/1\/16\/1f44f.png\"> Plusieurs records personnels, une m\u00e9daille nationale et un record du club : une tr\u00e8s belle journ\u00e9e pour l\u2019ARCH aux championnats de Belgique !<\/p>\n\n\n\n<p><\/p>\n","protected":false},"excerpt":{"rendered":"<p>Superbe performance pour Ana\u00efs Delarge lors des Championnats de Belgique Cadets &amp; Scolaires Indoor \u00e0 Gand Align\u00e9e sur 400 m en cat\u00e9gorie Cadettes, elle r\u00e9alise une course exceptionnelle : 3e place et m\u00e9daille de bronze 1\u201900\u201d13 &#8211; Record personnel (PB) et nouveau record du club cadette Indoor. Une performance remarquable au niveau national qui r\u00e9compense [&hellip;]<\/p>\n","protected":false},"author":3,"featured_media":0,"comment_status":"closed","ping_status":"closed","sticky":false,"template":"","format":"standard","meta":{"footnotes":""},"categories":[4],"tags":[],"class_list":["post-11519","post","type-post","status-publish","format-standard","hentry","category-athletisme"],"_links":{"self":[{"href":"https:\/\/archathle.eu\/index.php\/wp-json\/wp\/v2\/posts\/11519","targetHints":{"allow":["GET"]}}],"collection":[{"href":"https:\/\/archathle.eu\/index.php\/wp-json\/wp\/v2\/posts"}],"about":[{"href":"https:\/\/archathle.eu\/index.php\/wp-json\/wp\/v2\/types\/post"}],"author":[{"embeddable":true,"href":"https:\/\/archathle.eu\/index.php\/wp-json\/wp\/v2\/users\/3"}],"replies":[{"embeddable":true,"href":"https:\/\/archathle.eu\/index.php\/wp-json\/wp\/v2\/comments?post=11519"}],"version-history":[{"count":1,"href":"https:\/\/archathle.eu\/index.php\/wp-json\/wp\/v2\/posts\/11519\/revisions"}],"predecessor-version":[{"id":11520,"href":"https:\/\/archathle.eu\/index.php\/wp-json\/wp\/v2\/posts\/11519\/revisions\/11520"}],"wp:attachment":[{"href":"https:\/\/archathle.eu\/index.php\/wp-json\/wp\/v2\/media?parent=11519"}],"wp:term":[{"taxonomy":"category","embeddable":true,"href":"https:\/\/archathle.eu\/index.php\/wp-json\/wp\/v2\/categories?post=11519"},{"taxonomy":"post_tag","embeddable":true,"href":"https:\/\/archathle.eu\/index.php\/wp-json\/wp\/v2\/tags?post=11519"}],"curies":[{"name":"wp","href":"https:\/\/api.w.org\/{rel}","templated":true}]}}